{"id":314,"date":"2023-10-16T06:38:03","date_gmt":"2023-10-16T06:38:03","guid":{"rendered":"https:\/\/oillesscompressor.net\/china-manufacturer-hot-selling-7-5kw-10hp-with-tank-and-dryer-all-in-one-pm-vsd-mobile-air-compressor-air-compressor-price\/"},"modified":"2023-10-16T06:38:03","modified_gmt":"2023-10-16T06:38:03","slug":"china-manufacturer-hot-selling-7-5kw-10hp-with-tank-and-dryer-all-in-one-pm-vsd-mobile-air-compressor-air-compressor-price","status":"publish","type":"post","link":"https:\/\/oillesscompressor.net\/hu\/blog\/china-manufacturer-hot-selling-7-5kw-10hp-with-tank-and-dryer-all-in-one-pm-vsd-mobile-air-compressor-air-compressor-price\/","title":{"rendered":"K\u00ednai gy\u00e1rt\u00f3, elad\u00f3, 7,5 kW-os, 10 LE-s tart\u00e1llyal \u00e9s sz\u00e1r\u00edt\u00f3val, t\u00f6bbfunkci\u00f3s, Pm VSD mobil l\u00e9gkompresszorral, l\u00e9gkompresszor \u00e1ra"},"content":{"rendered":"<div class=\"et_pb_column et_pb_column_3_4 et_pb_column_0_tb_body  et_pb_css_mix_blend_mode_passthrough\">\n<div class=\"et_pb_module et_pb_post_content et_pb_post_content_0_tb_body\">\n<p><h2>Term\u00e9kle\u00edr\u00e1s<\/h2>\n<p>\n<p>   Gy\u00e1rilag elad\u00f3 7,5 kW-os 10 LE-s tart\u00e1llyal \u00e9s sz\u00e1r\u00edt\u00f3val, 7-12 bar-os mobil l\u00e9gkompresszor<\/p>\n<table border=\"1\" cellpadding=\"1\" cellspacing=\"1\">\n<tbody>\n<tr>\n<td>Gy\u00e1rilag elad\u00f3 7,5 kW-os 10 LE-s tart\u00e1llyal \u00e9s sz\u00e1r\u00edt\u00f3val, 7-12 bar-os mobil l\u00e9gkompresszor<\/td>\n<\/tr>\n<\/tbody>\n<\/table>\n<p>1. k\u00e9rd\u00e9s: Mi\u00e9rt v\u00e1lasztanak minket az \u00fcgyfelek?<br \/>A: A ZheJiang CHINAMFG Machinery Manufacturing Co., Ltd. 16 \u00e9ves m\u00faltra tekint vissza. Csavarkompresszorok gy\u00e1rt\u00e1s\u00e1ra szakosodtunk. Szeretettel v\u00e1rjuk kis pr\u00f3barendel\u00e9seiket min\u0151s\u00e9gi vagy piaci tesztel\u00e9s c\u00e9lj\u00e1b\u00f3l, \u00e9s speci\u00e1lis szolg\u00e1ltat\u00e1sokat is k\u00edn\u00e1lunk.<\/p>\n<p>2. k\u00e9rd\u00e9s: Gy\u00e1rt\u00f3 vagy kereskedelmi v\u00e1llalat?<br \/>V: Professzion\u00e1lis gy\u00e1rt\u00f3k\u00e9nt m\u0171k\u00f6d\u00fcnk, egy nagy, modern gy\u00e1rral Hangzhouban, K\u00edn\u00e1ban. OEM \u00e9s ODM szolg\u00e1ltat\u00e1sokat is v\u00e1llalunk.<\/p>\n<p>3. k\u00e9rd\u00e9s: Mi a sz\u00e1ll\u00edt\u00e1si hat\u00e1rideje?<br \/>A: 380V 50HZ 10 napon bel\u00fcl tudjuk sz\u00e1ll\u00edtani. M\u00e1s fesz\u00fclts\u00e9gek eset\u00e9n 20 nap sz\u00fcks\u00e9ges, ha sietnie kell, k\u00e9rj\u00fck, el\u0151zetesen vegye fel a kapcsolatot \u00e9rt\u00e9kes\u00edt\u00e9si munkat\u00e1rsainkkal.<\/p>\n<p>4. k\u00e9rd\u00e9s: Mennyi a l\u00e9gkompresszor garanci\u00e1lis ideje?<br \/>V: Egy \u00e9v a teljes g\u00e9pre \u00e9s 2 \u00e9v a csavaros gazd\u00e1ra, a fogy\u00f3eszk\u00f6z\u00f6k kiv\u00e9tel\u00e9vel.<\/p>\n<p>5. k\u00e9rd\u00e9s: Meddig b\u00edrja a l\u00e9gkompresszora?<br \/>V: T\u00f6bb mint 10 \u00e9v norm\u00e1l haszn\u00e1lat mellett.<\/p>\n<p>6. k\u00e9rd\u00e9s: Milyen fizet\u00e9si felt\u00e9telek vannak?<br \/>A: T\/T, L\/C, Western Union, hitelk\u00e1rtya stb. USD, RMB, EUR \u00e9s m\u00e1s valut\u00e1kat is elfogadunk.<\/p>\n<p>7. k\u00e9rd\u00e9s: Biztos\u00edtanak-e alkatr\u00e9szeket a g\u00e9phez?<br \/>V: Igen, term\u00e9szetesen.<\/p>\n<p>8. k\u00e9rd\u00e9s: Elfogadhat OEM megrendel\u00e9seket?<br \/>V: Igen, egy professzion\u00e1lis tervez\u0151csapattal az OEM megrendel\u00e9seket nagyon sz\u00edvesen fogadjuk.<\/p>\n<p>9. k\u00e9rd\u00e9s: Milyen kereskedelmi felt\u00e9teleket tud elfogadni?<br \/>A: El\u00e9rhet\u0151 kereskedelmi felt\u00e9telek: FOB, CIF, EXW stb.<\/p>\n<p>10. k\u00e9rd\u00e9s: Mi a helyzet a term\u00e9k csomagol\u00e1s\u00e1val?<br \/>V: Term\u00e9keinket szigor\u00faan szabv\u00e1nyos, l\u00e9g\u00e1ll\u00f3 dobozokba csomagoljuk.<br \/>\u00a0  <\/p>\n<p>\n<p>\n<p>\n<table class=\"widefat\" id=\"add_new_publishing_attribute\"><\/div>\n<table class=\"widefat\" id=\"add_new_publishing_attribute\">\n<tbody>\n<tr>\n<th width=\"160\" class=\"th-label\">\u00c9rt\u00e9kes\u00edt\u00e9s ut\u00e1ni szolg\u00e1ltat\u00e1s:<\/th>\n<td>1 \u00e9v<\/td>\n<\/tr>\n<tr>\n<th width=\"160\" class=\"th-label\">Garancia:<\/th>\n<td>1 \u00e9v<\/td>\n<\/tr>\n<tr>\n<th width=\"160\" class=\"th-label\">Ken\u00e9si st\u00edlus:<\/th>\n<td>Olajmentes<\/td>\n<\/tr>\n<tr>\n<th width=\"160\" class=\"th-label\">H\u0171t\u0151rendszer:<\/th>\n<td>L\u00e9gh\u0171t\u00e9s<\/td>\n<\/tr>\n<tr>\n<th width=\"160\" class=\"th-label\">\u00c1ramforr\u00e1s:<\/th>\n<td>V\u00e1lt\u00f3\u00e1ram\u00fa t\u00e1pell\u00e1t\u00e1s<\/td>\n<\/tr>\n<tr>\n<th width=\"160\" class=\"th-label\">Henger poz\u00edci\u00f3ja:<\/th>\n<td>Sz\u00f6gletes<\/td>\n<\/tr>\n<\/tbody>\n<\/table>\n<div class=\"attr-line\"><\/div>\n<table class=\"widefat\" id=\"add_new_publishing_attribute\">\n<tbody>\n<tr>\n<th width=\"160\" class=\"th-label\">Mint\u00e1k:<\/th>\n<td>\n<div class=\"sample-order-info\">\n<div class=\"info-text\">\n                                        <strong class=\"red\">US$ 2014\/Darab<\/strong><br \/>\n                                        <span title=\"1 darab (minim\u00e1lis rendel\u00e9s)\">1 darab (minim\u00e1lis rendel\u00e9s)<\/span>\n                                        <\/div>\n<p>                                        <span class=\"gap\">|<\/span><br \/>\n                                                                                    <i class=\"ob-icon icon-product\"><\/i>Minta ig\u00e9nyl\u00e9se\n                                                                            <\/div>\n<div class=\"sample-order-desc\"><\/div>\n<\/td>\n<\/tr>\n<\/tbody>\n<\/table>\n<table class=\"widefat\" id=\"add_new_publishing_attribute\">\n<tbody>\n<tr>\n<th width=\"160\" class=\"th-label\">Testreszab\u00e1s:<\/th>\n<td>\n<div class=\"sample-order-info\">\n<div class=\"info-text\">\n                                            El\u00e9rhet\u0151\n                                        <\/div>\n<p>                                        <span class=\"gap\">|<\/span><\/p>\n<p>                                        <i class=\"ob-icon icon-fill\"><\/i><\/p><\/div>\n<\/td>\n<\/tr>\n<\/tbody>\n<\/table><\/div>\n<\/p><\/div>\n<\/table>\n<p><img decoding=\"async\" src=\"https:\/\/img.jiansujichilun.com\/img\/air%20compressor\/air-compressor%20(15).webp\" alt=\"l\u00e9gkompresszor\" width=\"800\" title=\"\"><\/p>\n<h3>Mi a szerepe a l\u00e9gsz\u00e1r\u00edt\u00f3knak a s\u0171r\u00edtett leveg\u0151s rendszerekben?<\/h3>\n<p>A l\u00e9gsz\u00e1r\u00edt\u00f3k kulcsszerepet j\u00e1tszanak a s\u0171r\u00edtett leveg\u0151s rendszerekben az\u00e1ltal, hogy elt\u00e1vol\u00edtj\u00e1k a nedvess\u00e9get \u00e9s a szennyez\u0151d\u00e9seket a s\u0171r\u00edtett leveg\u0151b\u0151l. A keletkez\u0151 s\u0171r\u00edtett leveg\u0151 a k\u00f6rnyezeti leveg\u0151b\u0151l sz\u00e1rmaz\u00f3 v\u00edzg\u0151zt tartalmaz, amely lecsap\u00f3dhat \u00e9s probl\u00e9m\u00e1kat okozhat a rendszerben \u00e9s a v\u00e9gfelhaszn\u00e1l\u00f3i alkalmaz\u00e1sokban. \u00cdme egy \u00e1ttekint\u00e9s a l\u00e9gsz\u00e1r\u00edt\u00f3k szerep\u00e9r\u0151l a s\u0171r\u00edtett leveg\u0151s rendszerekben:<\/p>\n<p><strong>1. Nedvess\u00e9g elt\u00e1vol\u00edt\u00e1sa:<\/strong><\/p>\n<p>A l\u00e9gsz\u00e1r\u00edt\u00f3k els\u0151sorban a s\u0171r\u00edtett leveg\u0151 nedvess\u00e9gtartalm\u00e1nak elt\u00e1vol\u00edt\u00e1s\u00e1\u00e9rt felel\u0151sek. A s\u0171r\u00edtett leveg\u0151ben l\u00e9v\u0151 nedvess\u00e9g olyan probl\u00e9m\u00e1khoz vezethet, mint a rendszer korr\u00f3zi\u00f3ja, a pneumatikus szersz\u00e1mok \u00e9s berendez\u00e9sek k\u00e1rosod\u00e1sa, valamint a gy\u00e1rt\u00e1si folyamatok sor\u00e1n a term\u00e9kmin\u0151s\u00e9g roml\u00e1sa. A l\u00e9gsz\u00e1r\u00edt\u00f3k k\u00fcl\u00f6nf\u00e9le technik\u00e1kat alkalmaznak, p\u00e9ld\u00e1ul h\u0171t\u00e9st, adszorpci\u00f3t vagy membr\u00e1nos elv\u00e1laszt\u00e1st a s\u0171r\u00edtett leveg\u0151 harmatpontj\u00e1nak cs\u00f6kkent\u00e9s\u00e9re \u00e9s a nedvess\u00e9g elt\u00e1vol\u00edt\u00e1s\u00e1ra.<\/p>\n<p><strong>2. Szennyez\u0151anyag-elt\u00e1vol\u00edt\u00e1s:<\/strong><\/p>\n<p>A nedvess\u00e9g mellett a s\u0171r\u00edtett leveg\u0151 szennyez\u0151d\u00e9seket is tartalmazhat, p\u00e9ld\u00e1ul olajat, szennyez\u0151d\u00e9st \u00e9s r\u00e9szecsk\u00e9ket. A leveg\u0151sz\u00e1r\u00edt\u00f3k seg\u00edtenek elt\u00e1vol\u00edtani ezeket a szennyez\u0151d\u00e9seket, biztos\u00edtva a tiszta \u00e9s kiv\u00e1l\u00f3 min\u0151s\u00e9g\u0171 s\u0171r\u00edtett leveg\u0151t. A leveg\u0151sz\u00e1r\u00edt\u00f3 t\u00edpus\u00e1t\u00f3l f\u00fcgg\u0151en tov\u00e1bbi sz\u0171r\u0151mechanizmusok is be\u00e9p\u00edthet\u0151k az olaj, a r\u00e9szecsk\u00e9k \u00e9s egy\u00e9b szennyez\u0151d\u00e9sek s\u0171r\u00edtett leveg\u0151\u00e1ramb\u00f3l t\u00f6rt\u00e9n\u0151 elt\u00e1vol\u00edt\u00e1s\u00e1nak fokoz\u00e1s\u00e1ra.<\/p>\n<p><strong>3. Berendez\u00e9sek \u00e9s folyamatok v\u00e9delme:<\/strong><\/p>\n<p>A nedvess\u00e9g \u00e9s a szennyez\u0151d\u00e9sek elt\u00e1vol\u00edt\u00e1s\u00e1val a leveg\u0151sz\u00e1r\u00edt\u00f3k seg\u00edtenek megv\u00e9deni a s\u0171r\u00edtett leveg\u0151re t\u00e1maszkod\u00f3 berendez\u00e9seket \u00e9s folyamatokat. A nedvess\u00e9g \u00e9s a szennyez\u0151d\u00e9sek negat\u00edvan befoly\u00e1solhatj\u00e1k a pneumatikus szersz\u00e1mok, g\u00e9pek \u00e9s m\u0171szerek teljes\u00edtm\u00e9ny\u00e9t, megb\u00edzhat\u00f3s\u00e1g\u00e1t \u00e9s \u00e9lettartam\u00e1t. A leveg\u0151sz\u00e1r\u00edt\u00f3k biztos\u00edtj\u00e1k, hogy az ezekhez az alkatr\u00e9szekhez juttatott s\u0171r\u00edtett leveg\u0151 tiszta, sz\u00e1raz \u00e9s k\u00e1ros anyagokt\u00f3l mentes legyen, minimaliz\u00e1lva a k\u00e1rosod\u00e1s \u00e9s a m\u0171k\u00f6d\u00e9si probl\u00e9m\u00e1k kock\u00e1zat\u00e1t.<\/p>\n<p><strong>4. Fokozott termel\u00e9kenys\u00e9g \u00e9s hat\u00e9konys\u00e1g:<\/strong><\/p>\n<p>A s\u0171r\u00edtett leveg\u0151s rendszerekben a leveg\u0151sz\u00e1r\u00edt\u00f3k haszn\u00e1lata jav\u00edthatja a termel\u00e9kenys\u00e9get \u00e9s a hat\u00e9konys\u00e1got. A sz\u00e1raz \u00e9s tiszta s\u0171r\u00edtett leveg\u0151 cs\u00f6kkenti a berendez\u00e9sek meghib\u00e1sod\u00e1s\u00e1nak, az \u00e1ll\u00e1sid\u0151nek \u00e9s a karbantart\u00e1si ig\u00e9nyeknek a val\u00f3sz\u00edn\u0171s\u00e9g\u00e9t. Emellett megel\u0151zi az olyan probl\u00e9m\u00e1kat is, mint a l\u00e9gvezet\u00e9kek elt\u00f6m\u0151d\u00e9se, a pneumatikus alkatr\u00e9szek meghib\u00e1sod\u00e1sa \u00e9s a folyamatok inkonzisztens teljes\u00edtm\u00e9nye. A s\u0171r\u00edtett leveg\u0151 min\u0151s\u00e9g\u00e9nek fenntart\u00e1s\u00e1val a leveg\u0151sz\u00e1r\u00edt\u00f3k hozz\u00e1j\u00e1rulnak a zavartalan m\u0171k\u00f6d\u00e9shez, az optimaliz\u00e1lt termel\u00e9kenys\u00e9ghez \u00e9s a k\u00f6lts\u00e9gmegtakar\u00edt\u00e1shoz.<\/p>\n<p><strong>5. Szabv\u00e1nyoknak \u00e9s el\u0151\u00edr\u00e1soknak val\u00f3 megfelel\u00e9s:<\/strong><\/p>\n<p>Sz\u00e1mos ipar\u00e1gban \u00e9s alkalmaz\u00e1sban vannak speci\u00e1lis szabv\u00e1nyok \u00e9s el\u0151\u00edr\u00e1sok a s\u0171r\u00edtett leveg\u0151 min\u0151s\u00e9g\u00e9re vonatkoz\u00f3an. A leveg\u0151sz\u00e1r\u00edt\u00f3k l\u00e9tfontoss\u00e1g\u00fa szerepet j\u00e1tszanak ezen k\u00f6vetelm\u00e9nyek teljes\u00edt\u00e9s\u00e9ben az\u00e1ltal, hogy biztos\u00edtj\u00e1k, hogy a s\u0171r\u00edtett leveg\u0151 megfeleljen a k\u00edv\u00e1nt min\u0151s\u00e9gi el\u0151\u00edr\u00e1soknak. Ez k\u00fcl\u00f6n\u00f6sen fontos olyan ipar\u00e1gakban, mint az \u00e9lelmiszer- \u00e9s italgy\u00e1rt\u00e1s, a gy\u00f3gyszeripar, az elektronika \u00e9s az aut\u00f3ipar, ahol a tiszta \u00e9s sz\u00e1raz s\u0171r\u00edtett leveg\u0151 elengedhetetlen a term\u00e9k integrit\u00e1sa, biztons\u00e1ga \u00e9s a szab\u00e1lyoz\u00e1si megfelel\u00e9s szempontj\u00e1b\u00f3l.<\/p>\n<p>A s\u0171r\u00edtett leveg\u0151s rendszerekbe leveg\u0151sz\u00e1r\u00edt\u00f3k be\u00e9p\u00edt\u00e9s\u00e9vel a felhaszn\u00e1l\u00f3k hat\u00e9konyan szab\u00e1lyozhatj\u00e1k a nedvess\u00e9get \u00e9s a szennyez\u0151d\u00e9seket, v\u00e9dhetik a berendez\u00e9seket \u00e9s a folyamatokat, n\u00f6velhetik a termel\u00e9kenys\u00e9get, \u00e9s megfelelhetnek az adott alkalmaz\u00e1sokhoz sz\u00fcks\u00e9ges min\u0151s\u00e9gi szabv\u00e1nyoknak.<\/p>\n<p><img decoding=\"async\" src=\"https:\/\/img.jiansujichilun.com\/img\/air%20compressor\/air-compressor%20(12).webp\" alt=\"l\u00e9gkompresszor\" width=\"800\" title=\"\"><\/p>\n<h3>Milyen biztons\u00e1gi int\u00e9zked\u00e9seket kell betartani s\u0171r\u00edtett leveg\u0151vel v\u00e9gzett munka sor\u00e1n?<\/h3>\n<p>A s\u0171r\u00edtett leveg\u0151vel v\u00e9gzett munka bizonyos biztons\u00e1gi \u00f3vint\u00e9zked\u00e9sek betart\u00e1s\u00e1t ig\u00e9nyli a balesetek megel\u0151z\u00e9se \u00e9s az \u00e9rintett szem\u00e9lyek j\u00f3l\u00e9t\u00e9nek biztos\u00edt\u00e1sa \u00e9rdek\u00e9ben. \u00cdme n\u00e9h\u00e1ny fontos biztons\u00e1gi int\u00e9zked\u00e9s, amelyet \u00e9rdemes figyelembe venni:<\/p>\n<p><strong>1. Egy\u00e9ni v\u00e9d\u0151felszerel\u00e9s (PPE):<\/strong><\/p>\n<p>Viseljen megfelel\u0151 egy\u00e9ni v\u00e9d\u0151felszerel\u00e9st, bele\u00e9rtve a v\u00e9d\u0151szem\u00fcveget vagy arcv\u00e9d\u0151t a szem v\u00e9delme \u00e9rdek\u00e9ben a rep\u00fcl\u0151 t\u00f6rmel\u00e9k vagy r\u00e9szecsk\u00e9k ellen, hall\u00e1sv\u00e9d\u0151t a zajterhel\u00e9s cs\u00f6kkent\u00e9se \u00e9rdek\u00e9ben, \u00e9s keszty\u0171t a kezek v\u00e9delme \u00e9rdek\u00e9ben a lehets\u00e9ges vesz\u00e9lyekkel szemben.<\/p>\n<p><strong>2. S\u0171r\u00edtett leveg\u0151 t\u00e1rol\u00e1sa:<\/strong><\/p>\n<p>Ker\u00fclje a s\u0171r\u00edtett leveg\u0151 t\u00e1rol\u00e1s\u00e1t nem erre a c\u00e9lra tervezett tart\u00e1lyokban, p\u00e9ld\u00e1ul \u00fcd\u00edt\u0151s palackokban vagy r\u00f6gt\u00f6nz\u00f6tt tart\u00e1lyokban. Haszn\u00e1ljon j\u00f3v\u00e1hagyott \u00e9s megfelel\u0151en c\u00edmk\u00e9zett l\u00e9gt\u00e1rol\u00f3 tart\u00e1lyokat vagy palackokat, amelyek elb\u00edrj\u00e1k a nyom\u00e1st, \u00e9s amelyeket rendszeresen ellen\u0151riznek \u00e9s karbantartanak.<\/p>\n<p><strong>3. Nyom\u00e1sszab\u00e1lyoz\u00e1s:<\/strong><\/p>\n<p>Gy\u0151z\u0151dj\u00f6n meg arr\u00f3l, hogy a l\u00e9gnyom\u00e1s a haszn\u00e1lt berendez\u00e9sekhez \u00e9s szersz\u00e1mokhoz megfelel\u0151 biztons\u00e1gos szintre van szab\u00e1lyozva. A nagynyom\u00e1s\u00fa l\u00e9g\u00e1ramlatok s\u00falyos s\u00e9r\u00fcl\u00e9seket okozhatnak, ez\u00e9rt fontos betartani a gy\u00e1rt\u00f3 aj\u00e1nl\u00e1sait, \u00e9s soha nem t\u00fall\u00e9pni a megengedett maxim\u00e1lis nyom\u00e1st.<\/p>\n<p><strong>4. L\u00e9gt\u00f6ml\u0151 ellen\u0151rz\u00e9se:<\/strong><\/p>\n<p>Rendszeresen ellen\u0151rizze a l\u00e9gt\u00f6ml\u0151ket s\u00e9r\u00fcl\u00e9sek, p\u00e9ld\u00e1ul v\u00e1g\u00e1sok, horzsol\u00e1sok vagy sziv\u00e1rg\u00e1sok jelei szempontj\u00e1b\u00f3l. A s\u00e9r\u00fclt t\u00f6ml\u0151ket azonnal cser\u00e9lje ki a lehets\u00e9ges balesetek vagy nyom\u00e1svesztes\u00e9g megel\u0151z\u00e9se \u00e9rdek\u00e9ben.<\/p>\n<p><strong>5. L\u00e9gf\u00fav\u00f3k:<\/strong><\/p>\n<p>L\u00e9gf\u00fav\u00f3k haszn\u00e1latakor legyen \u00f3vatos. Soha ne ir\u00e1ny\u00edtsa a s\u0171r\u00edtett leveg\u0151t saj\u00e1t maga vagy m\u00e1sok fel\u00e9, mert szems\u00e9r\u00fcl\u00e9st, hall\u00e1sk\u00e1rosod\u00e1st okozhat, vagy olyan r\u00e9szecsk\u00e9ket dobhat ki, amelyek bel\u00e9legezve k\u00e1rosak lehetnek. A f\u00fav\u00f3pisztolyokat mindig tartsa t\u00e1vol az emberekt\u0151l, az \u00e9rz\u00e9keny berendez\u00e9sekt\u0151l vagy anyagokt\u00f3l.<\/p>\n<p><strong>6. Pneumatikus szersz\u00e1mok biztons\u00e1ga:<\/strong><\/p>\n<p>K\u00f6vesse a pneumatikus szersz\u00e1mok megfelel\u0151 \u00fczemeltet\u00e9si elj\u00e1r\u00e1sait. Gy\u0151z\u0151dj\u00f6n meg arr\u00f3l, hogy a szersz\u00e1mok j\u00f3 m\u0171k\u00f6d\u0151k\u00e9pes \u00e1llapotban vannak, \u00e9s minden haszn\u00e1lat el\u0151tt ellen\u0151rizze \u0151ket. Haszn\u00e1lja a megfelel\u0151 tartoz\u00e9kokat, p\u00e9ld\u00e1ul v\u00e9d\u0151burkolatokat vagy v\u00e9d\u0151burkolatokat, hogy megakad\u00e1lyozza a mozg\u00f3 alkatr\u00e9szekkel val\u00f3 v\u00e9letlen \u00e9rintkez\u00e9st.<\/p>\n<p><strong>7. L\u00e9gkompresszor karbantart\u00e1sa:<\/strong><\/p>\n<p>A l\u00e9gkompresszorokat a gy\u00e1rt\u00f3 ir\u00e1nyelveinek megfelel\u0151en tartsa karban. Rendszeresen ellen\u0151rizze a sziv\u00e1rg\u00e1sokat, tiszt\u00edtsa meg vagy cser\u00e9lje ki a sz\u0171r\u0151ket, \u00e9s engedje le a nedvess\u00e9get a rendszerb\u0151l. A megfelel\u0151 karbantart\u00e1s biztos\u00edtja a kompresszor biztons\u00e1gos \u00e9s hat\u00e9kony m\u0171k\u00f6d\u00e9s\u00e9t.<\/p>\n<p><strong>8. K\u00e9pz\u00e9s \u00e9s oktat\u00e1s:<\/strong><\/p>\n<p>Biztos\u00edtson megfelel\u0151 k\u00e9pz\u00e9st \u00e9s oktat\u00e1st a s\u0171r\u00edtett leveg\u0151vel dolgoz\u00f3 szem\u00e9lyeknek. Gy\u0151z\u0151dj\u00f6n meg arr\u00f3l, hogy meg\u00e9rtett\u00e9k a lehets\u00e9ges vesz\u00e9lyeket, a biztons\u00e1gos \u00fczemeltet\u00e9si elj\u00e1r\u00e1sokat \u00e9s a v\u00e9szhelyzeti protokollokat. \u00d6szt\u00f6n\u00f6zze a ny\u00edlt kommunik\u00e1ci\u00f3t a biztons\u00e1gi agg\u00e1lyokkal kapcsolatban, \u00e9s alak\u00edtson ki biztons\u00e1gos kult\u00far\u00e1t a munkahelyen.<\/p>\n<p><strong>9. Kiz\u00e1r\u00e1s\/Kit\u00e1bl\u00e1z\u00e1s:<\/strong><\/p>\n<p>S\u0171r\u00edtett leveg\u0151s rendszerek karbantart\u00e1sa vagy jav\u00edt\u00e1sa sor\u00e1n k\u00f6vesse a kiz\u00e1r\u00e1si\/kijel\u00f6l\u00e9si elj\u00e1r\u00e1sokat a berendez\u00e9s energiaforr\u00e1sokt\u00f3l val\u00f3 lev\u00e1laszt\u00e1sa \u00e9s a v\u00e9letlen beind\u00edt\u00e1s megakad\u00e1lyoz\u00e1sa \u00e9rdek\u00e9ben. Ez garant\u00e1lja a rendszeren dolgoz\u00f3 szem\u00e9lyek biztons\u00e1g\u00e1t.<\/p>\n<p><strong>10. Megfelel\u0151 szell\u0151z\u00e9s:<\/strong><\/p>\n<p>Biztos\u00edtsa a megfelel\u0151 szell\u0151z\u00e9st z\u00e1rt helyis\u00e9gekben, ahol s\u0171r\u00edtett leveg\u0151t haszn\u00e1lnak. A s\u0171r\u00edtett leveg\u0151 kiszor\u00edthatja az oxig\u00e9nt, ami fullad\u00e1svesz\u00e9lyt okozhat. A megfelel\u0151 szell\u0151z\u00e9s seg\u00edt fenntartani a biztons\u00e1gos l\u00e9gz\u00e9si k\u00f6rnyezetet.<\/p>\n<p>Ezen biztons\u00e1gi \u00f3vint\u00e9zked\u00e9sek betart\u00e1s\u00e1val az egy\u00e9nek minimaliz\u00e1lhatj\u00e1k a s\u0171r\u00edtett leveg\u0151vel val\u00f3 munkav\u00e9gz\u00e9ssel j\u00e1r\u00f3 kock\u00e1zatokat, \u00e9s biztons\u00e1gosabb munkak\u00f6rnyezetet teremthetnek.<\/p>\n<p><img decoding=\"async\" src=\"https:\/\/img.jiansujichilun.com\/img\/air%20compressor\/air-compressor%20(1).webp\" alt=\"l\u00e9gkompresszor\" width=\"800\" title=\"\"><\/p>\n<h3>Hogyan befoly\u00e1solja a tart\u00e1ly m\u00e9rete a l\u00e9gkompresszor teljes\u00edtm\u00e9ny\u00e9t?<\/h3>\n<p>A l\u00e9gkompresszor tart\u00e1lym\u00e9rete jelent\u0151s szerepet j\u00e1tszik a teljes\u00edtm\u00e9ny\u00e9ben \u00e9s a m\u0171k\u00f6d\u00e9s\u00e9ben. \u00cdme a tart\u00e1lym\u00e9ret f\u0151bb hat\u00e1sai:<\/p>\n<p>1. <strong>L\u00e9gt\u00e1rol\u00f3 kapacit\u00e1s:<\/strong> A l\u00e9gkompresszor tart\u00e1ly\u00e1nak els\u0151dleges funkci\u00f3ja a s\u0171r\u00edtett leveg\u0151 t\u00e1rol\u00e1sa. A nagyobb tart\u00e1lym\u00e9ret nagyobb leveg\u0151t\u00e1rol\u00f3 kapacit\u00e1st tesz lehet\u0151v\u00e9. Ez azt jelenti, hogy a kompresszor k\u00e9pes tartal\u00e9k s\u0171r\u00edtett leveg\u0151t felhalmozni, ami hasznos lehet olyan alkalmaz\u00e1sokn\u00e1l, amelyek id\u0151szakos vagy ingadoz\u00f3 leveg\u0151ig\u00e9nyt ig\u00e9nyelnek. A nagyobb tart\u00e1ly biztos\u00edtja a folyamatos s\u0171r\u00edtett leveg\u0151ell\u00e1t\u00e1st a cs\u00facsid\u0151szakokban.<\/p>\n<p>2. <strong>Fut\u00e1si id\u0151:<\/strong> A tart\u00e1ly m\u00e9rete befoly\u00e1solja a l\u00e9gkompresszor \u00fczemidej\u00e9t. Egy nagyobb tart\u00e1ly hosszabb folyamatos m\u0171k\u00f6d\u00e9st biztos\u00edthat, miel\u0151tt a kompresszor motorj\u00e1t \u00fajra kellene ind\u00edtani. Ez az\u00e9rt van, mert a tart\u00e1lyban l\u00e9v\u0151 s\u0171r\u00edtett leveg\u0151 felhaszn\u00e1lhat\u00f3 az ig\u00e9ny kiel\u00e9g\u00edt\u00e9s\u00e9re an\u00e9lk\u00fcl, hogy a kompresszornak folyamatosan m\u0171k\u00f6dnie kellene. Cs\u00f6kkenti a motorciklusok gyakoris\u00e1g\u00e1t, ami jav\u00edthatja az energiahat\u00e9konys\u00e1got \u00e9s meghosszabb\u00edthatja a motor \u00e9lettartam\u00e1t.<\/p>\n<p>3. <strong>Nyom\u00e1sstabilit\u00e1s:<\/strong> A nagyobb tart\u00e1ly seg\u00edt fenntartani a stabil nyom\u00e1st haszn\u00e1lat k\u00f6zben. Amikor a kompresszor m\u0171k\u00f6dik, addig t\u00f6lti a tart\u00e1lyt, am\u00edg el nem \u00e9ri a meghat\u00e1rozott nyom\u00e1sszintet, amelyet kikapcsol\u00e1si nyom\u00e1snak nevez\u00fcnk. Ahogy a leveg\u0151 elfogy a tart\u00e1lyb\u00f3l, a nyom\u00e1s egy bizonyos szintre cs\u00f6kken, ezt bekapcsol\u00e1si nyom\u00e1snak nevezz\u00fck, ekkor a kompresszor \u00fajraindul a tart\u00e1ly \u00fajrat\u00f6lt\u00e9s\u00e9hez. A nagyobb tart\u00e1lym\u00e9ret lassabb nyom\u00e1ses\u00e9st eredm\u00e9nyez haszn\u00e1lat k\u00f6zben, biztos\u00edtva a csatlakoztatott szersz\u00e1mok vagy berendez\u00e9sek sz\u00e1m\u00e1ra a stabilabb \u00e9s k\u00f6vetkezetesebb nyom\u00e1st.<\/p>\n<p>4. <strong>Munkaciklus:<\/strong> A munkaciklus azt az id\u0151tartamot jel\u00f6li, amely alatt egy l\u00e9gkompresszor egy adott id\u0151szakon bel\u00fcl m\u0171k\u00f6dhet. A nagyobb tart\u00e1lym\u00e9ret n\u00f6velheti a kompresszor munkaciklus\u00e1t. A kompresszor hosszabb ideig m\u0171k\u00f6dhet, miel\u0151tt el\u00e9ri a munkaciklus hat\u00e1r\u00e1t, cs\u00f6kkentve a t\u00falmeleged\u00e9s kock\u00e1zat\u00e1t \u00e9s jav\u00edtva az \u00e1ltal\u00e1nos teljes\u00edtm\u00e9nyt.<\/p>\n<p>5. <strong>Szersz\u00e1mkompatibilit\u00e1s:<\/strong> A tart\u00e1ly m\u00e9rete befoly\u00e1solhatja a kompatibilit\u00e1st bizonyos szersz\u00e1mokkal vagy berendez\u00e9sekkel. Egyes szersz\u00e1mok, p\u00e9ld\u00e1ul a nagy ig\u00e9nybev\u00e9tel\u0171 pneumatikus szersz\u00e1mok vagy a sz\u00f3r\u00f3pisztolyok folyamatos \u00e9s megfelel\u0151 s\u0171r\u00edtett leveg\u0151ell\u00e1t\u00e1st ig\u00e9nyelnek. A nagyobb tart\u00e1lym\u00e9ret biztos\u00edtja, hogy a kompresszor nyom\u00e1ses\u00e9s vagy a teljes\u00edtm\u00e9ny befoly\u00e1sol\u00e1sa n\u00e9lk\u00fcl k\u00e9pes kiel\u00e9g\u00edteni az ilyen szersz\u00e1mok leveg\u0151ig\u00e9ny\u00e9t.<\/p>\n<p>Fontos megjegyezni, hogy b\u00e1r a nagyobb tart\u00e1lym\u00e9ret el\u0151ny\u00f6ket k\u00edn\u00e1l a leveg\u0151t\u00e1rol\u00e1s \u00e9s a teljes\u00edtm\u00e9ny szempontj\u00e1b\u00f3l, nagyobb \u00e9s nehezebb kompresszoregys\u00e9get is eredm\u00e9nyez. A megfelel\u0151 tart\u00e1lym\u00e9ret\u0171 l\u00e9gkompresszor kiv\u00e1laszt\u00e1sakor vegye figyelembe a tervezett alkalmaz\u00e1st, a rendelkez\u00e9sre \u00e1ll\u00f3 helyet \u00e9s a hordozhat\u00f3s\u00e1gi k\u00f6vetelm\u00e9nyeket.<\/p>\n<p>V\u00e9gs\u0151 soron a l\u00e9gkompresszor optim\u00e1lis tart\u00e1lym\u00e9rete a felhaszn\u00e1l\u00f3 konkr\u00e9t ig\u00e9nyeit\u0151l \u00e9s a tervezett alkalmaz\u00e1st\u00f3l f\u00fcgg. A l\u00e9gkompresszorhoz legmegfelel\u0151bb tart\u00e1lym\u00e9ret meghat\u00e1roz\u00e1s\u00e1hoz m\u00e9rje fel a leveg\u0151ig\u00e9nyt, a munkaciklust \u00e9s a k\u00edv\u00e1nt teljes\u00edtm\u00e9nyt.<\/p>\n<p><img decoding=\"async\" src=\"https:\/\/img.hzpt.com\/img\/air-compressor\/air-compressor-L1.webp\" alt=\"K\u00ednai gy\u00e1rt\u00f3, elad\u00f3, 7,5 kW-os, 10 LE-s tart\u00e1llyal \u00e9s sz\u00e1r\u00edt\u00f3val, t\u00f6bbfunkci\u00f3s, Pm VSD mobil l\u00e9gkompresszorral, l\u00e9gkompresszor \u00e1ra\" title=\"\"><img decoding=\"async\" src=\"https:\/\/img.hzpt.com\/img\/air-compressor\/air-compressor-L2.webp\" alt=\"K\u00ednai gy\u00e1rt\u00f3, elad\u00f3, 7,5 kW-os, 10 LE-s tart\u00e1llyal \u00e9s sz\u00e1r\u00edt\u00f3val, t\u00f6bbfunkci\u00f3s, Pm VSD mobil l\u00e9gkompresszorral, l\u00e9gkompresszor \u00e1ra\" title=\"\"><br \/>szerkeszt\u0151: CX 2023-10-16<\/p>","protected":false},"excerpt":{"rendered":"<p>Product Description Factory-Selling 7.5kw 10HP with Tank and dryer 7-12bar Mobile Air Compressor Factory-Selling 7.5kw 10HP with Tank and dryer 7-12bar Mobile Air Compressor Q1: Why do customers choose us?A: ZheJiang CHINAMFG Machinery Manufacturing Co., Ltd. has a history of 16 years. We specialize in the production of screw air compressors. We warmly welcome your [&hellip;]<\/p>","protected":false},"author":1,"featured_media":0,"comment_status":"open","ping_status":"open","sticky":false,"template":"","format":"standard","meta":{"_et_pb_use_builder":"","_et_pb_old_content":"","_et_gb_content_width":"","footnotes":""},"categories":[1],"tags":[349,350,351,2,3,353,4,5,54,195,249,1159,56,390,391,9,196,10,11,13,14,58,393,16,60,250,394,395,62,63,904,906,245,253,254,397,137],"class_list":["post-314","post","type-post","status-publish","format-standard","hentry","category-uncategorized","tag-10hp-air-compressor","tag-10hp-compressor","tag-7-5kw-air-compressor","tag-air-air-compressor","tag-air-compressor","tag-air-compressor-7-5kw","tag-air-compressor-air-compressor","tag-air-compressor-china","tag-air-compressor-dryer","tag-air-compressor-manufacturer","tag-air-compressor-price","tag-air-compressor-tank-price","tag-air-compressor-with-dryer","tag-air-compressor-with-tank","tag-air-tank-compressor","tag-china-air-compressor","tag-china-air-compressor-manufacturer","tag-china-compressor","tag-china-compressor-air","tag-compressor","tag-compressor-air-compressor","tag-compressor-air-dryer","tag-compressor-air-tank","tag-compressor-compressor","tag-compressor-dryer","tag-compressor-price","tag-compressor-tank","tag-compressor-tank-air","tag-compressor-with-air-dryer","tag-dryer-compressor","tag-mobile-air-compressor","tag-mobile-compressor","tag-pm-air-compressor","tag-price-air-compressor","tag-price-compressor","tag-tank-compressor","tag-vsd-compressor"],"_links":{"self":[{"href":"https:\/\/oillesscompressor.net\/hu\/wp-json\/wp\/v2\/posts\/314","targetHints":{"allow":["GET"]}}],"collection":[{"href":"https:\/\/oillesscompressor.net\/hu\/wp-json\/wp\/v2\/posts"}],"about":[{"href":"https:\/\/oillesscompressor.net\/hu\/wp-json\/wp\/v2\/types\/post"}],"author":[{"embeddable":true,"href":"https:\/\/oillesscompressor.net\/hu\/wp-json\/wp\/v2\/users\/1"}],"replies":[{"embeddable":true,"href":"https:\/\/oillesscompressor.net\/hu\/wp-json\/wp\/v2\/comments?post=314"}],"version-history":[{"count":0,"href":"https:\/\/oillesscompressor.net\/hu\/wp-json\/wp\/v2\/posts\/314\/revisions"}],"wp:attachment":[{"href":"https:\/\/oillesscompressor.net\/hu\/wp-json\/wp\/v2\/media?parent=314"}],"wp:term":[{"taxonomy":"category","embeddable":true,"href":"https:\/\/oillesscompressor.net\/hu\/wp-json\/wp\/v2\/categories?post=314"},{"taxonomy":"post_tag","embeddable":true,"href":"https:\/\/oillesscompressor.net\/hu\/wp-json\/wp\/v2\/tags?post=314"}],"curies":[{"name":"wp","href":"https:\/\/api.w.org\/{rel}","templated":true}]}}